{"id":2900,"date":"2023-02-10T16:41:37","date_gmt":"2023-02-10T15:41:37","guid":{"rendered":"https:\/\/esvlokschoeneweide.de\/radsport\/?p=2900"},"modified":"2023-02-10T16:41:40","modified_gmt":"2023-02-10T15:41:40","slug":"30-09-2023-1-rtf-bernau-zum-oderbruch-bernau","status":"publish","type":"post","link":"https:\/\/esvlokschoeneweide.de\/radsport\/2023\/02\/10\/30-09-2023-1-rtf-bernau-zum-oderbruch-bernau\/","title":{"rendered":"30.09.2023  1. RTF &#8211; Bernau &#8211; zum Oderbruch &#8211;  Bernau"},"content":{"rendered":"\n<p>Hiermit k\u00fcndigen wir schon einmal den Termin f\u00fcr unsere 2. RTF in diesm Jahr an. Sie heist etwas anders. Aber au\u00dfer dem neuen Namen und dem sich unterscheidenden Datum bleibt alles beim Alten.<br>Save the date: 30.09.2023 1. RTF &#8211; Bernau &#8211; zum Oderbruch &#8211; Bernau, vom Sportforum &#8211; An der Tr\u00e4nke 30, 16321 Bernau bei Berlin, die Adresse kennt Ihr ja, und wer nicht, der kann es herausfinden \ud83d\ude42<\/p>\n\n\n\n<p>RTF Nummer: <a rel=\"noreferrer noopener\" href=\"https:\/\/www.brv-breitensport.de\/termine\/rtf-kalender\/index.php?kal_Aktion=detail&amp;kal_Nummer=82&amp;kal_Start=61\" data-type=\"URL\" data-id=\"https:\/\/www.brv-breitensport.de\/termine\/rtf-kalender\/index.php?kal_Aktion=detail&amp;kal_Nummer=82&amp;kal_Start=61\" target=\"_blank\">3333<\/a><\/p>\n","protected":false},"excerpt":{"rendered":"<p>Hiermit k\u00fcndigen wir schon einmal den Termin f\u00fcr unsere 2. RTF in diesm Jahr an. Sie heist etwas anders. Aber au\u00dfer dem neuen Namen und dem sich unterscheidenden Datum bleibt [&hellip;]<\/p>\n","protected":false},"author":12,"featured_media":0,"comment_status":"closed","ping_status":"closed","sticky":false,"template":"","format":"standard","meta":{"inline_featured_image":false,"ngg_post_thumbnail":0,"footnotes":"","_links_to":"","_links_to_target":""},"categories":[1],"tags":[],"class_list":["post-2900","post","type-post","status-publish","format-standard","hentry","category-allgemein"],"_links":{"self":[{"href":"https:\/\/esvlokschoeneweide.de\/radsport\/wp-json\/wp\/v2\/posts\/2900","targetHints":{"allow":["GET"]}}],"collection":[{"href":"https:\/\/esvlokschoeneweide.de\/radsport\/wp-json\/wp\/v2\/posts"}],"about":[{"href":"https:\/\/esvlokschoeneweide.de\/radsport\/wp-json\/wp\/v2\/types\/post"}],"author":[{"embeddable":true,"href":"https:\/\/esvlokschoeneweide.de\/radsport\/wp-json\/wp\/v2\/users\/12"}],"replies":[{"embeddable":true,"href":"https:\/\/esvlokschoeneweide.de\/radsport\/wp-json\/wp\/v2\/comments?post=2900"}],"version-history":[{"count":1,"href":"https:\/\/esvlokschoeneweide.de\/radsport\/wp-json\/wp\/v2\/posts\/2900\/revisions"}],"predecessor-version":[{"id":2901,"href":"https:\/\/esvlokschoeneweide.de\/radsport\/wp-json\/wp\/v2\/posts\/2900\/revisions\/2901"}],"wp:attachment":[{"href":"https:\/\/esvlokschoeneweide.de\/radsport\/wp-json\/wp\/v2\/media?parent=2900"}],"wp:term":[{"taxonomy":"category","embeddable":true,"href":"https:\/\/esvlokschoeneweide.de\/radsport\/wp-json\/wp\/v2\/categories?post=2900"},{"taxonomy":"post_tag","embeddable":true,"href":"https:\/\/esvlokschoeneweide.de\/radsport\/wp-json\/wp\/v2\/tags?post=2900"}],"curies":[{"name":"wp","href":"https:\/\/api.w.org\/{rel}","templated":true}]}}